{"id":38090,"date":"2026-09-05T11:02:56","date_gmt":"2026-09-05T09:02:56","guid":{"rendered":"https:\/\/alien.de\/news\/?p=38090"},"modified":"2026-09-05T12:19:04","modified_gmt":"2026-09-05T10:19:04","slug":"skinwalker-ranch-thomas-winterton-h-rte-38090","status":"publish","type":"post","link":"https:\/\/alien.de\/news\/skinwalker-ranch-thomas-winterton-h-rte-38090\/","title":{"rendered":"&#x1f1ec;&#x1f1e7; CoastToCoast &#8211; Skinwalker Ranch: Thomas Winterton h\u00f6rte 2x eine Stimme, die ihn zum Anhalten aufforderte"},"content":{"rendered":"<p>Thomas Winterton berichtet, dass sich bei seinem ersten Besuch auf der Skinwalker Ranch ein Raum pl\u00f6tzlich um ihn zu drehen begann.  <\/p>\n<p><\/p>\n<p>Im sogenannten \u201eTriangle\u201c h\u00f6rte er eine klare M\u00e4nnerstimme, die ihn aufforderte, nicht weiterzufahren.  <\/p>\n<p><\/p>\n<p>Trotz Nachtsicht- und W\u00e4rmebildsuche fand er keine Personen oder Spuren.  <\/p>\n<p><\/p>\n<p>Sechs Monate sp\u00e4ter vernahm er dieselbe Stimme erneut \u2013 diesmal trotz Motorenl\u00e4rm, geschlossener Kabine und Kopfh\u00f6rern.  <\/p>\n<p><\/p>\n<p>Als Winterton die Anweisung ignorierte, bekam er starke Muskelkr\u00e4mpfe, extreme Angst und grippe\u00e4hnliche Beschwerden.  <\/p>\n<p><\/p>\n<p>Seiner Darstellung nach sammelte sich sp\u00e4ter Fl\u00fcssigkeit unter der Kopfhaut, die sich teilweise vom Sch\u00e4del l\u00f6ste.  <\/p>\n<p><\/p>\n<p>\u00c4rzte konnten trotz zahlreicher Untersuchungen keine eindeutige Ursache feststellen und entlie\u00dfen ihn mit einer ungekl\u00e4rten Diagnose.  <\/p>\n<p>Die \u00c4rzte konnten die Ursache trotz vieler Untersuchungen nicht kl\u00e4ren.  <\/p>\n<p><\/p>\n<p>Winterton h\u00e4lt eine nat\u00fcrliche Erkl\u00e4rung f\u00fcr ausgeschlossen, l\u00e4sst aber offen, ob die Ranch selbst f\u00fcr den Vorfall verantwortlich war.  <\/p>\n<p><\/p>\n<p>Michelle Meiners berichtet von einem eigenen \u00e4hnlichen Erlebnis.<\/p>\n<p><\/p>\n<p>Sie hatte gemeinsam mit zwei weiteren Personen ein drehendes Gef\u00fchl wie im Inneren eines Tornados.  <\/p>\n<p><\/p>\n<p>Eine Beteiligte habe w\u00e4hrenddessen eine traditionell gekleidete Indianerin gesehen.<\/p>\n<p><\/p>\n<p>Die beiden anderen h\u00f6rten eine Stimme.<\/p>\n<p><\/p>\n<p>Meiners bringt eine geh\u00f6rte Stimme mit den Black Buffalo Soldiers in Verbindung.  <\/p>\n<p><\/p>\n<p>Au\u00dferdem deutet sie die Erscheinung als ein Vorfahre, Geistwesen oder Sternenmenschen aus Richtung der Plejaden.<\/p><a class=\"gurlpb\" href=\"https:\/\/www.youtube.com\/watch?v=94jZXKyZCCI\" style=\"visibility:hidden\" gurlpb-image=\"\"gurlpb-html=\"\">UrlPreviewBox<\/a>\n","protected":false},"excerpt":{"rendered":"<p>Skinwalker Ranch: Thomas Winterton h\u00f6rte 2x eine Stimme, die ihn zum Anhalten aufforderte<\/p>\n<p>Thomas Winterton berichtet, dass sich bei seinem ersten Besuch auf der Skinwalker Ranch ein Raum pl\u00f6tzlich um ihn zu drehen begann.  <\/p>\n<\/p>\n<p>Im sogenannten \u201eTriangle\u201c h\u00f6rte er eine klare M\u00e4nnerstimme, die ihn aufforderte, nicht weiterzufahren.  <\/p>\n<\/p>\n<p>Trotz Nachtsicht- und W\u00e4rmebildsuche fand er keine Personen oder Spuren.  <\/p>\n<\/p>\n<p>Sechs Monate sp\u00e4ter vernahm er dieselbe Stimme erneut \u2013 diesmal trotz Motorenl\u00e4rm, geschlossener Kabine und Kopfh\u00f6rern.  <\/p>\n<\/p>\n<p>Als Winterton die Anweisung ignorierte, bekam er starke Muskelkr\u00e4mpfe, extreme Angst und grippe\u00e4hnliche Beschwerden.  <\/p>\n<\/p>\n<p>Seiner Darstellung nach sammelte sich sp\u00e4ter Fl\u00fcssigkeit unter der Kopfhaut, die sich teilweise vom Sch\u00e4del l\u00f6ste.  <\/p>\n<\/p>\n<p>\u00c4rzte konnten trotz zahlreicher Untersuchungen keine eindeutige Ursache feststellen und entlie\u00dfen ihn mit einer ungekl\u00e4rten Diagnose.  <\/p>\n<p>Die \u00c4rzte konnten die Ursache trotz vieler Untersuchungen nicht kl\u00e4ren.  <\/p>\n<\/p>\n<p>Winterton h\u00e4lt eine nat\u00fcrliche Erkl\u00e4rung f\u00fcr ausgeschlossen, l\u00e4sst aber offen, ob die Ranch selbst f\u00fcr den Vorfall verantwortlich war.  <\/p>\n<\/p>\n<p>Michelle Meiners berichtet von einem eigenen \u00e4hnlichen Erlebnis.<\/p>\n<\/p>\n<p>Sie hatte gemeinsam mit zwei weiteren Personen ein drehendes Gef\u00fchl wie im Inneren eines Tornados.  <\/p>\n<\/p>\n<p>Eine Beteiligte habe w\u00e4hrenddessen eine traditionell gekleidete Indianerin gesehen.<\/p>\n<\/p>\n<p>Die beiden anderen h\u00f6rten eine Stimme.<\/p>\n<\/p>\n<p>Meiners bringt eine geh\u00f6rte Stimme mit den Black Buffalo Soldiers in Verbindung.  <\/p>\n<\/p>\n<p>Au\u00dferdem deutet sie die Erscheinung als ein Vorfahre, Geistwesen oder Sternenmenschen aus Richtung der Plejaden.<\/p>\n<p><a class=\"gurlpb\" href=\"https:\/\/www.youtube.com\/watch?v=94jZXKyZCCI\" style=\"visibility:hidden\" gurlpb-image=\"\"gurlpb-html=\"\">UrlPreviewBox<\/a><\/p>\n","protected":false},"author":1,"featured_media":0,"comment_status":"closed","ping_status":"closed","sticky":false,"template":"","format":"standard","meta":{"footnotes":""},"categories":[22,15],"tags":[],"class_list":["post-38090","post","type-post","status-publish","format-standard","hentry","category-interview","category-ufo-erlebnis"],"_links":{"self":[{"href":"https:\/\/alien.de\/news\/wp-json\/wp\/v2\/posts\/38090","targetHints":{"allow":["GET"]}}],"collection":[{"href":"https:\/\/alien.de\/news\/wp-json\/wp\/v2\/posts"}],"about":[{"href":"https:\/\/alien.de\/news\/wp-json\/wp\/v2\/types\/post"}],"author":[{"embeddable":true,"href":"https:\/\/alien.de\/news\/wp-json\/wp\/v2\/users\/1"}],"replies":[{"embeddable":true,"href":"https:\/\/alien.de\/news\/wp-json\/wp\/v2\/comments?post=38090"}],"version-history":[{"count":1,"href":"https:\/\/alien.de\/news\/wp-json\/wp\/v2\/posts\/38090\/revisions"}],"predecessor-version":[{"id":38091,"href":"https:\/\/alien.de\/news\/wp-json\/wp\/v2\/posts\/38090\/revisions\/38091"}],"wp:attachment":[{"href":"https:\/\/alien.de\/news\/wp-json\/wp\/v2\/media?parent=38090"}],"wp:term":[{"taxonomy":"category","embeddable":true,"href":"https:\/\/alien.de\/news\/wp-json\/wp\/v2\/categories?post=38090"},{"taxonomy":"post_tag","embeddable":true,"href":"https:\/\/alien.de\/news\/wp-json\/wp\/v2\/tags?post=38090"}],"curies":[{"name":"wp","href":"https:\/\/api.w.org\/{rel}","templated":true}]}}