{"id":38086,"date":"2026-09-05T11:09:51","date_gmt":"2026-09-05T09:09:51","guid":{"rendered":"https:\/\/alien.de\/news\/?p=38086"},"modified":"2026-09-05T10:24:51","modified_gmt":"2026-09-05T08:24:51","slug":"r-tselhaftes-wolken-zehneck-ber-dem-s-dp-38086","status":"publish","type":"post","link":"https:\/\/alien.de\/news\/r-tselhaftes-wolken-zehneck-ber-dem-s-dp-38086\/","title":{"rendered":"GreWi &#8211; R\u00e4tselhaftes Wolken-Zehneck \u00fcber dem S\u00fcdpol des Saturn entdeckt"},"content":{"rendered":"<p><\/p><a class=\"gurlpb\" href=\"https:\/\/www.grewi.de\/raetselhaftes-wolken-zehneck-ueber-dem-suedpol-des-saturn-entdeckt\/\" style=\"visibility:hidden\" gurlpb-image=\"\"gurlpb-html=\"\">UrlPreviewBox<\/a>\n","protected":false},"excerpt":{"rendered":"<\/p>\n<p><a class=\"gurlpb\" href=\"https:\/\/www.grewi.de\/raetselhaftes-wolken-zehneck-ueber-dem-suedpol-des-saturn-entdeckt\/\" style=\"visibility:hidden\" gurlpb-image=\"\"gurlpb-html=\"\">UrlPreviewBox<\/a><\/p>\n","protected":false},"author":1,"featured_media":0,"comment_status":"closed","ping_status":"","sticky":false,"template":"","format":"standard","meta":{"footnotes":""},"categories":[7],"tags":[],"class_list":["post-38086","post","type-post","status-publish","format-standard","hentry","category-praeastronautik"],"_links":{"self":[{"href":"https:\/\/alien.de\/news\/wp-json\/wp\/v2\/posts\/38086","targetHints":{"allow":["GET"]}}],"collection":[{"href":"https:\/\/alien.de\/news\/wp-json\/wp\/v2\/posts"}],"about":[{"href":"https:\/\/alien.de\/news\/wp-json\/wp\/v2\/types\/post"}],"author":[{"embeddable":true,"href":"https:\/\/alien.de\/news\/wp-json\/wp\/v2\/users\/1"}],"replies":[{"embeddable":true,"href":"https:\/\/alien.de\/news\/wp-json\/wp\/v2\/comments?post=38086"}],"version-history":[{"count":1,"href":"https:\/\/alien.de\/news\/wp-json\/wp\/v2\/posts\/38086\/revisions"}],"predecessor-version":[{"id":38087,"href":"https:\/\/alien.de\/news\/wp-json\/wp\/v2\/posts\/38086\/revisions\/38087"}],"wp:attachment":[{"href":"https:\/\/alien.de\/news\/wp-json\/wp\/v2\/media?parent=38086"}],"wp:term":[{"taxonomy":"category","embeddable":true,"href":"https:\/\/alien.de\/news\/wp-json\/wp\/v2\/categories?post=38086"},{"taxonomy":"post_tag","embeddable":true,"href":"https:\/\/alien.de\/news\/wp-json\/wp\/v2\/tags?post=38086"}],"curies":[{"name":"wp","href":"https:\/\/api.w.org\/{rel}","templated":true}]}}