{"id":38084,"date":"2026-09-04T15:51:46","date_gmt":"2026-09-04T13:51:46","guid":{"rendered":"https:\/\/alien.de\/news\/?p=38084"},"modified":"2026-09-04T11:21:46","modified_gmt":"2026-09-04T09:21:46","slug":"roland-m-horn-stellt-sein-neues-buch-kat-38084","status":"publish","type":"post","link":"https:\/\/alien.de\/news\/roland-m-horn-stellt-sein-neues-buch-kat-38084\/","title":{"rendered":"Roland M. Horn &#8211; Roland M. Horn stellt sein neues Buch \u201eKatastrophen \u00fcber uns&#8220; vor"},"content":{"rendered":"<p>Roland M. Horn war zu Gast  bei Dean Heuke und stellte sein neues Buch <strong>\u201eKatastrophen \u00fcber uns: Fluten, Seuchen, Klimawandel \u2013 eine kritische Analyse der globalen Krisen\u201c<\/strong> vor.  <\/p>\n<p><\/p>\n<p>Im Gespr\u00e4ch wurde diskutiert, ob Naturkatastrophen tats\u00e4chlich zunehmen oder durch bessere Datenerfassung und st\u00e4rkere Berichterstattung nur h\u00e4ufiger wahrgenommen werden.  <\/p>\n<p><\/p>\n<p>F\u00fcr den Fall einer Zunahme ging es au\u00dferdem um die Frage, welche Rolle der menschengemachte Klimawandel spielt und ob er daf\u00fcr allein verantwortlich sein kann.  <\/p>\n<p><\/p>\n<p>Weitere Themen waren Pandemien, wissenschaftliche Forschung, religi\u00f6se Prophezeiungen und alternative Sichtweisen auf globale Entwicklungen.  <\/p>\n<p><\/p>\n<p><\/p><a class=\"gurlpb\" href=\"https:\/\/blog-roland-m-horn.de\/2026\/09\/03\/roland-m-horn-im-podcast-jwr-exposed-zu-seinem-neuen-buch-katastrophen-ueber-uns\/\" style=\"visibility:hidden\" gurlpb-image=\"\"gurlpb-html=\"\">UrlPreviewBox<\/a>\n","protected":false},"excerpt":{"rendered":"<p>Roland M. Horn stellt sein neues Buch \u201eKatastrophen \u00fcber uns&#8220; vor<\/p>\n<p>Roland M. Horn war zu Gast  bei Dean Heuke und stellte sein neues Buch <strong>\u201eKatastrophen \u00fcber uns: Fluten, Seuchen, Klimawandel \u2013 eine kritische Analyse der globalen Krisen\u201c<\/strong> vor.  <\/p>\n<\/p>\n<p>Im Gespr\u00e4ch wurde diskutiert, ob Naturkatastrophen tats\u00e4chlich zunehmen oder durch bessere Datenerfassung und st\u00e4rkere Berichterstattung nur h\u00e4ufiger wahrgenommen werden.  <\/p>\n<\/p>\n<p>F\u00fcr den Fall einer Zunahme ging es au\u00dferdem um die Frage, welche Rolle der menschengemachte Klimawandel spielt und ob er daf\u00fcr allein verantwortlich sein kann.  <\/p>\n<\/p>\n<p>Weitere Themen waren Pandemien, wissenschaftliche Forschung, religi\u00f6se Prophezeiungen und alternative Sichtweisen auf globale Entwicklungen.  <\/p>\n<\/p>\n<p><a class=\"gurlpb\" href=\"https:\/\/blog-roland-m-horn.de\/2026\/09\/03\/roland-m-horn-im-podcast-jwr-exposed-zu-seinem-neuen-buch-katastrophen-ueber-uns\/\" style=\"visibility:hidden\" gurlpb-image=\"\"gurlpb-html=\"\">UrlPreviewBox<\/a><\/p>\n","protected":false},"author":1,"featured_media":0,"comment_status":"closed","ping_status":"","sticky":false,"template":"","format":"standard","meta":{"footnotes":""},"categories":[22],"tags":[],"class_list":["post-38084","post","type-post","status-publish","format-standard","hentry","category-interview"],"_links":{"self":[{"href":"https:\/\/alien.de\/news\/wp-json\/wp\/v2\/posts\/38084","targetHints":{"allow":["GET"]}}],"collection":[{"href":"https:\/\/alien.de\/news\/wp-json\/wp\/v2\/posts"}],"about":[{"href":"https:\/\/alien.de\/news\/wp-json\/wp\/v2\/types\/post"}],"author":[{"embeddable":true,"href":"https:\/\/alien.de\/news\/wp-json\/wp\/v2\/users\/1"}],"replies":[{"embeddable":true,"href":"https:\/\/alien.de\/news\/wp-json\/wp\/v2\/comments?post=38084"}],"version-history":[{"count":1,"href":"https:\/\/alien.de\/news\/wp-json\/wp\/v2\/posts\/38084\/revisions"}],"predecessor-version":[{"id":38085,"href":"https:\/\/alien.de\/news\/wp-json\/wp\/v2\/posts\/38084\/revisions\/38085"}],"wp:attachment":[{"href":"https:\/\/alien.de\/news\/wp-json\/wp\/v2\/media?parent=38084"}],"wp:term":[{"taxonomy":"category","embeddable":true,"href":"https:\/\/alien.de\/news\/wp-json\/wp\/v2\/categories?post=38084"},{"taxonomy":"post_tag","embeddable":true,"href":"https:\/\/alien.de\/news\/wp-json\/wp\/v2\/tags?post=38084"}],"curies":[{"name":"wp","href":"https:\/\/api.w.org\/{rel}","templated":true}]}}