{"id":38066,"date":"2026-09-03T10:09:24","date_gmt":"2026-09-03T08:09:24","guid":{"rendered":"https:\/\/alien.de\/news\/?p=38066"},"modified":"2026-09-03T11:25:06","modified_gmt":"2026-09-03T09:25:06","slug":"teilchenbeschleuniger-ist-in-cern-aus-un-38066","status":"publish","type":"post","link":"https:\/\/alien.de\/news\/teilchenbeschleuniger-ist-in-cern-aus-un-38066\/","title":{"rendered":"Mach dich schlau &#8211; Teilchenbeschleuniger ist in CERN aus und MachDichSchlau meint die Zeit ist w\u00e4hrendessen verr\u00fcckt"},"content":{"rendered":"<p>Das Video &#8222;Mach dich schlau&#8220; verbindet die LHC-Abschaltung im Juni 2026 mit Berichten \u00fcber ver\u00e4ndertes Zeitgef\u00fchl, den Mandela-Effekt und angebliche Portal\u00f6ffnungen. <\/p>\n<p><\/p>\n<p>Wissenschaftler und normal denkende Menschen widersprechen.<\/p>\n<p><\/p>\n<p>Erinnerungsl\u00fccken entstehen durch menschliche Wahrnehmung, nicht durch Teilchenbeschleuniger.<\/p><a class=\"gurlpb\" href=\"https:\/\/www.youtube.com\/watch?v=0raY_NpgocU\" style=\"visibility:hidden\" gurlpb-image=\"\"gurlpb-html=\"\">UrlPreviewBox<\/a>\n","protected":false},"excerpt":{"rendered":"<p>Teilchenbeschleuniger ist in CERN aus und MachDichSchlau meint die Zeit ist w\u00e4hrendessen verr\u00fcckt<\/p>\n<p>Das Video &#8222;Mach dich schlau&#8220; verbindet die LHC-Abschaltung im Juni 2026 mit Berichten \u00fcber ver\u00e4ndertes Zeitgef\u00fchl, den Mandela-Effekt und angebliche Portal\u00f6ffnungen. <\/p>\n<\/p>\n<p>Wissenschaftler und normal denkende Menschen widersprechen.<\/p>\n<\/p>\n<p>Erinnerungsl\u00fccken entstehen durch menschliche Wahrnehmung, nicht durch Teilchenbeschleuniger.<\/p>\n<p><a class=\"gurlpb\" href=\"https:\/\/www.youtube.com\/watch?v=0raY_NpgocU\" style=\"visibility:hidden\" gurlpb-image=\"\"gurlpb-html=\"\">UrlPreviewBox<\/a><\/p>\n","protected":false},"author":1,"featured_media":0,"comment_status":"closed","ping_status":"closed","sticky":false,"template":"","format":"standard","meta":{"footnotes":""},"categories":[13],"tags":[],"class_list":["post-38066","post","type-post","status-publish","format-standard","hentry","category-mystery"],"_links":{"self":[{"href":"https:\/\/alien.de\/news\/wp-json\/wp\/v2\/posts\/38066","targetHints":{"allow":["GET"]}}],"collection":[{"href":"https:\/\/alien.de\/news\/wp-json\/wp\/v2\/posts"}],"about":[{"href":"https:\/\/alien.de\/news\/wp-json\/wp\/v2\/types\/post"}],"author":[{"embeddable":true,"href":"https:\/\/alien.de\/news\/wp-json\/wp\/v2\/users\/1"}],"replies":[{"embeddable":true,"href":"https:\/\/alien.de\/news\/wp-json\/wp\/v2\/comments?post=38066"}],"version-history":[{"count":1,"href":"https:\/\/alien.de\/news\/wp-json\/wp\/v2\/posts\/38066\/revisions"}],"predecessor-version":[{"id":38067,"href":"https:\/\/alien.de\/news\/wp-json\/wp\/v2\/posts\/38066\/revisions\/38067"}],"wp:attachment":[{"href":"https:\/\/alien.de\/news\/wp-json\/wp\/v2\/media?parent=38066"}],"wp:term":[{"taxonomy":"category","embeddable":true,"href":"https:\/\/alien.de\/news\/wp-json\/wp\/v2\/categories?post=38066"},{"taxonomy":"post_tag","embeddable":true,"href":"https:\/\/alien.de\/news\/wp-json\/wp\/v2\/tags?post=38066"}],"curies":[{"name":"wp","href":"https:\/\/api.w.org\/{rel}","templated":true}]}}