{"id":38045,"date":"2026-09-02T14:38:12","date_gmt":"2026-09-02T12:38:12","guid":{"rendered":"https:\/\/alien.de\/news\/?p=38045"},"modified":"2026-09-02T13:08:11","modified_gmt":"2026-09-02T11:08:11","slug":"die-sage-der-27-m-her-von-1559-die-keine-38045","status":"publish","type":"post","link":"https:\/\/alien.de\/news\/die-sage-der-27-m-her-von-1559-die-keine-38045\/","title":{"rendered":"Wladislaw Raab &#8211; Die Sage der 27 M\u00e4her von 1559, die keine K\u00f6pfe hatten und  lautlos ernten"},"content":{"rendered":"<p><\/p>\n<p>1559 erschienen w\u00e4hrend der Erntezeit bei C\u00f6lln an der Spree 27 unheimliche M\u00e4her.  <\/p>\n<p><\/p>\n<p>F\u00fcnfzehn von ihnen sahen wie gew\u00f6hnliche M\u00e4nner aus, zw\u00f6lf weitere besa\u00dfen \u00fcberhaupt keinen Kopf.  <\/p>\n<p><\/p>\n<p>Mit ihren Sensen schlugen sie lautstark in den Hafer, doch kein Halm bewegte sich.  <\/p>\n<p><\/p>\n<p>Auch die vielen Zuschauer konnten die Gestalten nicht anfassen.  <\/p>\n<p><\/p>\n<p>Als man sie verfolgen wollte, glitten sie davon wie Schatten.  <\/p>\n<p><\/p>\n<p>Die Prediger des Kurf\u00fcrsten Joachim II. sahen darin den Tod selbst und k\u00fcndigten eine Pest an. <\/p>\n<p><\/p>\n<p>Die Pest kam aber nicht.<\/p>\n<p><\/p>\n<p>Greyhunter vergleicht die Geschichte mit Berichten aus Russland \u00fcber kopflose oder bucklige schwarze Wesen auf Feldern.  <\/p>\n<p><\/p>\n<p>Seiner Ansicht nach handelt es sich bei diesen Berichten um halbmaterialisierte Wesen. <\/p>\n<p><\/p>\n<p>Die unterschiedlichen Erkl\u00e4rungen \u2013 Feldgeist, Spukgestalt oder UFO \u2013 seien laut Autor vom jeweiligen Zeitbild abh\u00e4ngig.  <\/p>\n<p><\/p><a class=\"gurlpb\" href=\"https:\/\/retroanomalien.blogspot.com\/2026\/09\/die-27-maher-zu-colln-der-spree.html#8795385604627957808\" style=\"visibility:hidden\" gurlpb-image=\"\"gurlpb-html=\"\">UrlPreviewBox<\/a>\n","protected":false},"excerpt":{"rendered":"<p>Greyhunter: Die Sage der 27 M\u00e4her von 1559, die keine K\u00f6pfe hatten und  lautlos ernten<\/p>\n<\/p>\n<p>1559 erschienen w\u00e4hrend der Erntezeit bei C\u00f6lln an der Spree 27 unheimliche M\u00e4her.  <\/p>\n<\/p>\n<p>F\u00fcnfzehn von ihnen sahen wie gew\u00f6hnliche M\u00e4nner aus, zw\u00f6lf weitere besa\u00dfen \u00fcberhaupt keinen Kopf.  <\/p>\n<\/p>\n<p>Mit ihren Sensen schlugen sie lautstark in den Hafer, doch kein Halm bewegte sich.  <\/p>\n<\/p>\n<p>Auch die vielen Zuschauer konnten die Gestalten nicht anfassen.  <\/p>\n<\/p>\n<p>Als man sie verfolgen wollte, glitten sie davon wie Schatten.  <\/p>\n<\/p>\n<p>Die Prediger des Kurf\u00fcrsten Joachim II. sahen darin den Tod selbst und k\u00fcndigten eine Pest an. <\/p>\n<\/p>\n<p>Die Pest kam aber nicht.<\/p>\n<\/p>\n<p>Greyhunter vergleicht die Geschichte mit Berichten aus Russland \u00fcber kopflose oder bucklige schwarze Wesen auf Feldern.  <\/p>\n<\/p>\n<p>Seiner Ansicht nach handelt es sich bei diesen Berichten um halbmaterialisierte Wesen. <\/p>\n<\/p>\n<p>Die unterschiedlichen Erkl\u00e4rungen \u2013 Feldgeist, Spukgestalt oder UFO \u2013 seien laut Autor vom jeweiligen Zeitbild abh\u00e4ngig.  <\/p>\n<\/p>\n<p><a class=\"gurlpb\" href=\"https:\/\/retroanomalien.blogspot.com\/2026\/09\/die-27-maher-zu-colln-der-spree.html#8795385604627957808\" style=\"visibility:hidden\" gurlpb-image=\"\"gurlpb-html=\"\">UrlPreviewBox<\/a><\/p>\n","protected":false},"author":1,"featured_media":0,"comment_status":"closed","ping_status":"","sticky":false,"template":"","format":"standard","meta":{"footnotes":""},"categories":[7],"tags":[],"class_list":["post-38045","post","type-post","status-publish","format-standard","hentry","category-praeastronautik"],"_links":{"self":[{"href":"https:\/\/alien.de\/news\/wp-json\/wp\/v2\/posts\/38045","targetHints":{"allow":["GET"]}}],"collection":[{"href":"https:\/\/alien.de\/news\/wp-json\/wp\/v2\/posts"}],"about":[{"href":"https:\/\/alien.de\/news\/wp-json\/wp\/v2\/types\/post"}],"author":[{"embeddable":true,"href":"https:\/\/alien.de\/news\/wp-json\/wp\/v2\/users\/1"}],"replies":[{"embeddable":true,"href":"https:\/\/alien.de\/news\/wp-json\/wp\/v2\/comments?post=38045"}],"version-history":[{"count":1,"href":"https:\/\/alien.de\/news\/wp-json\/wp\/v2\/posts\/38045\/revisions"}],"predecessor-version":[{"id":38046,"href":"https:\/\/alien.de\/news\/wp-json\/wp\/v2\/posts\/38045\/revisions\/38046"}],"wp:attachment":[{"href":"https:\/\/alien.de\/news\/wp-json\/wp\/v2\/media?parent=38045"}],"wp:term":[{"taxonomy":"category","embeddable":true,"href":"https:\/\/alien.de\/news\/wp-json\/wp\/v2\/categories?post=38045"},{"taxonomy":"post_tag","embeddable":true,"href":"https:\/\/alien.de\/news\/wp-json\/wp\/v2\/tags?post=38045"}],"curies":[{"name":"wp","href":"https:\/\/api.w.org\/{rel}","templated":true}]}}