{"id":38039,"date":"2026-09-02T15:23:01","date_gmt":"2026-09-02T13:23:01","guid":{"rendered":"https:\/\/alien.de\/news\/?p=38039"},"modified":"2026-09-02T13:08:00","modified_gmt":"2026-09-02T11:08:00","slug":"orb-flotten-geheime-kongresssitzungen-un-38039","status":"publish","type":"post","link":"https:\/\/alien.de\/news\/orb-flotten-geheime-kongresssitzungen-un-38039\/","title":{"rendered":"Mach dich schlau &#8211; Orb-Flotten, geheime Kongresssitzungen und die Jahreszahl 2027"},"content":{"rendered":"<p><\/p>\n<p>Der Journalist Tom O\u2019Neill berichtet von einer nicht\u00f6ffentlichen Konferenz im US-Kapitol.  <\/p>\n<p><\/p>\n<p>Ein Kongressmitarbeiter, der regelm\u00e4\u00dfig besonders gesch\u00fctzte SCIF-R\u00e4ume betrete, soll ihm von erschreckenden Informationen erz\u00e4hlt haben.  <\/p>\n<p><\/p>\n<p>Aus China werden weitere Aufnahmen aus Hebei vom 29. August und aus Ningbo vom 22. August 2026 genannt.  <\/p>\n<p><\/p>\n<p>In S\u00fcdkorea f\u00fchrten gr\u00fcne Lichtkugeln laut Video zu Flughafensperrungen und Umleitungen, wobei mindestens ein Vorfall auf eine Drohne zur\u00fcckgef\u00fchrt werden konnte.  <\/p>\n<p><\/p>\n<p>Sammeln sich Orbs zu einer Flotte? <\/p>\n<p><\/p>\n<p><\/p><a class=\"gurlpb\" href=\"https:\/\/www.youtube.com\/watch?v=vchH6Qtl2nQ\" style=\"visibility:hidden\" gurlpb-image=\"\"gurlpb-html=\"\">UrlPreviewBox<\/a>\n","protected":false},"excerpt":{"rendered":"<p>MachDichSchlau: Orb-Flotten, geheime Kongresssitzungen und die Jahreszahl 2027<\/p>\n<\/p>\n<p>Der Journalist Tom O\u2019Neill berichtet von einer nicht\u00f6ffentlichen Konferenz im US-Kapitol.  <\/p>\n<\/p>\n<p>Ein Kongressmitarbeiter, der regelm\u00e4\u00dfig besonders gesch\u00fctzte SCIF-R\u00e4ume betrete, soll ihm von erschreckenden Informationen erz\u00e4hlt haben.  <\/p>\n<\/p>\n<p>Aus China werden weitere Aufnahmen aus Hebei vom 29. August und aus Ningbo vom 22. August 2026 genannt.  <\/p>\n<\/p>\n<p>In S\u00fcdkorea f\u00fchrten gr\u00fcne Lichtkugeln laut Video zu Flughafensperrungen und Umleitungen, wobei mindestens ein Vorfall auf eine Drohne zur\u00fcckgef\u00fchrt werden konnte.  <\/p>\n<\/p>\n<p>Sammeln sich Orbs zu einer Flotte? <\/p>\n<\/p>\n<p><a class=\"gurlpb\" href=\"https:\/\/www.youtube.com\/watch?v=vchH6Qtl2nQ\" style=\"visibility:hidden\" gurlpb-image=\"\"gurlpb-html=\"\">UrlPreviewBox<\/a><\/p>\n","protected":false},"author":1,"featured_media":0,"comment_status":"closed","ping_status":"","sticky":false,"template":"","format":"standard","meta":{"footnotes":""},"categories":[12],"tags":[],"class_list":["post-38039","post","type-post","status-publish","format-standard","hentry","category-ufo-forschung"],"_links":{"self":[{"href":"https:\/\/alien.de\/news\/wp-json\/wp\/v2\/posts\/38039","targetHints":{"allow":["GET"]}}],"collection":[{"href":"https:\/\/alien.de\/news\/wp-json\/wp\/v2\/posts"}],"about":[{"href":"https:\/\/alien.de\/news\/wp-json\/wp\/v2\/types\/post"}],"author":[{"embeddable":true,"href":"https:\/\/alien.de\/news\/wp-json\/wp\/v2\/users\/1"}],"replies":[{"embeddable":true,"href":"https:\/\/alien.de\/news\/wp-json\/wp\/v2\/comments?post=38039"}],"version-history":[{"count":1,"href":"https:\/\/alien.de\/news\/wp-json\/wp\/v2\/posts\/38039\/revisions"}],"predecessor-version":[{"id":38040,"href":"https:\/\/alien.de\/news\/wp-json\/wp\/v2\/posts\/38039\/revisions\/38040"}],"wp:attachment":[{"href":"https:\/\/alien.de\/news\/wp-json\/wp\/v2\/media?parent=38039"}],"wp:term":[{"taxonomy":"category","embeddable":true,"href":"https:\/\/alien.de\/news\/wp-json\/wp\/v2\/categories?post=38039"},{"taxonomy":"post_tag","embeddable":true,"href":"https:\/\/alien.de\/news\/wp-json\/wp\/v2\/tags?post=38039"}],"curies":[{"name":"wp","href":"https:\/\/api.w.org\/{rel}","templated":true}]}}