{"id":38021,"date":"2026-09-01T11:12:57","date_gmt":"2026-09-01T09:12:57","guid":{"rendered":"https:\/\/alien.de\/news\/?p=38021"},"modified":"2026-09-01T10:27:57","modified_gmt":"2026-09-01T08:27:57","slug":"f-r-berwachungsaufgaben-drohne-pausiert-38021","status":"publish","type":"post","link":"https:\/\/alien.de\/news\/f-r-berwachungsaufgaben-drohne-pausiert-38021\/","title":{"rendered":"heise.de &#8211; F\u00fcr \u00dcberwachungsaufgaben: Drohne pausiert autonom an \u00c4sten h\u00e4ngend"},"content":{"rendered":"<p><\/p><a class=\"gurlpb\" href=\"https:\/\/www.heise.de\/news\/Ohne-Bildverarbeitung-Drohne-haengt-sich-autonom-mit-Greifer-an-Aeste-11436189.html\" style=\"visibility:hidden\" gurlpb-image=\"\"gurlpb-html=\"\">UrlPreviewBox<\/a>\n","protected":false},"excerpt":{"rendered":"<\/p>\n<p><a class=\"gurlpb\" href=\"https:\/\/www.heise.de\/news\/Ohne-Bildverarbeitung-Drohne-haengt-sich-autonom-mit-Greifer-an-Aeste-11436189.html\" style=\"visibility:hidden\" gurlpb-image=\"\"gurlpb-html=\"\">UrlPreviewBox<\/a><\/p>\n","protected":false},"author":1,"featured_media":0,"comment_status":"closed","ping_status":"","sticky":false,"template":"","format":"standard","meta":{"footnotes":""},"categories":[7],"tags":[],"class_list":["post-38021","post","type-post","status-publish","format-standard","hentry","category-praeastronautik"],"_links":{"self":[{"href":"https:\/\/alien.de\/news\/wp-json\/wp\/v2\/posts\/38021","targetHints":{"allow":["GET"]}}],"collection":[{"href":"https:\/\/alien.de\/news\/wp-json\/wp\/v2\/posts"}],"about":[{"href":"https:\/\/alien.de\/news\/wp-json\/wp\/v2\/types\/post"}],"author":[{"embeddable":true,"href":"https:\/\/alien.de\/news\/wp-json\/wp\/v2\/users\/1"}],"replies":[{"embeddable":true,"href":"https:\/\/alien.de\/news\/wp-json\/wp\/v2\/comments?post=38021"}],"version-history":[{"count":1,"href":"https:\/\/alien.de\/news\/wp-json\/wp\/v2\/posts\/38021\/revisions"}],"predecessor-version":[{"id":38022,"href":"https:\/\/alien.de\/news\/wp-json\/wp\/v2\/posts\/38021\/revisions\/38022"}],"wp:attachment":[{"href":"https:\/\/alien.de\/news\/wp-json\/wp\/v2\/media?parent=38021"}],"wp:term":[{"taxonomy":"category","embeddable":true,"href":"https:\/\/alien.de\/news\/wp-json\/wp\/v2\/categories?post=38021"},{"taxonomy":"post_tag","embeddable":true,"href":"https:\/\/alien.de\/news\/wp-json\/wp\/v2\/tags?post=38021"}],"curies":[{"name":"wp","href":"https:\/\/api.w.org\/{rel}","templated":true}]}}