{"id":38018,"date":"2026-08-31T12:41:55","date_gmt":"2026-08-31T10:41:55","guid":{"rendered":"https:\/\/alien.de\/news\/?p=38018"},"modified":"2026-08-31T10:26:55","modified_gmt":"2026-08-31T08:26:55","slug":"meagan-medick-und-kristian-harloff-sprec-38018","status":"publish","type":"post","link":"https:\/\/alien.de\/news\/meagan-medick-und-kristian-harloff-sprec-38018\/","title":{"rendered":"&#x1f1ec;&#x1f1e7; Meagan Medick &#8211; Meagan Medick und Kristian Harloff sprechen \u00fcber die anhaltende Stigmatisierung von UAP-Forschung"},"content":{"rendered":"<p><\/p>\n<p>Schon Menschen, die lediglich an au\u00dferirdisches Leben glauben, w\u00fcrden nach  Ansicht nach Meagan Medick ausgelacht.  <\/p>\n<p><\/p>\n<p>Sie berichtet au\u00dferdem von angeblichen \u201eM\u00e4nnern in Schwarz\u201c, die Betroffene zum Schweigen gebracht haben sollen.  <\/p>\n<p><\/p>\n<p>Konkrete Namen oder Belege nennt sie nicht.  <\/p>\n<p><\/p>\n<p>Auch Medien mieden das Thema nach ihrer Einsch\u00e4tzung aus Angst, unseri\u00f6s zu wirken oder Publikum zu verlieren.  <\/p>\n<p><\/p>\n<p>Kristian Harloff meint dagegen, das Stigma sei durch Berichte von NewsNation sowie durch Politiker und Prominente schw\u00e4cher geworden.  <\/p>\n<p><\/p>\n<p>Kristian sieht auch \u00f6ffentliche \u00c4u\u00dferungen Barack Obamas als Ausl\u00f6ser f\u00fcr mehr Berichterstattung, wobei der genaue Wortlaut und Kontext im Gespr\u00e4ch unklar bleiben.  <\/p>\n<p><\/p>\n<p><\/p><a class=\"gurlpb\" href=\"https:\/\/www.youtube.com\/watch?v=xoE1Ex5Zwn8\" style=\"visibility:hidden\" gurlpb-image=\"\"gurlpb-html=\"\">UrlPreviewBox<\/a>\n","protected":false},"excerpt":{"rendered":"<p>Meagan Medick und Kristian Harloff sprechen \u00fcber die anhaltende Stigmatisierung von UAP-Forschung<\/p>\n<\/p>\n<p>Schon Menschen, die lediglich an au\u00dferirdisches Leben glauben, w\u00fcrden nach  Ansicht nach Meagan Medick ausgelacht.  <\/p>\n<\/p>\n<p>Sie berichtet au\u00dferdem von angeblichen \u201eM\u00e4nnern in Schwarz\u201c, die Betroffene zum Schweigen gebracht haben sollen.  <\/p>\n<\/p>\n<p>Konkrete Namen oder Belege nennt sie nicht.  <\/p>\n<\/p>\n<p>Auch Medien mieden das Thema nach ihrer Einsch\u00e4tzung aus Angst, unseri\u00f6s zu wirken oder Publikum zu verlieren.  <\/p>\n<\/p>\n<p>Kristian Harloff meint dagegen, das Stigma sei durch Berichte von NewsNation sowie durch Politiker und Prominente schw\u00e4cher geworden.  <\/p>\n<\/p>\n<p>Kristian sieht auch \u00f6ffentliche \u00c4u\u00dferungen Barack Obamas als Ausl\u00f6ser f\u00fcr mehr Berichterstattung, wobei der genaue Wortlaut und Kontext im Gespr\u00e4ch unklar bleiben.  <\/p>\n<\/p>\n<p><a class=\"gurlpb\" href=\"https:\/\/www.youtube.com\/watch?v=xoE1Ex5Zwn8\" style=\"visibility:hidden\" gurlpb-image=\"\"gurlpb-html=\"\">UrlPreviewBox<\/a><\/p>\n","protected":false},"author":1,"featured_media":0,"comment_status":"closed","ping_status":"","sticky":false,"template":"","format":"standard","meta":{"footnotes":""},"categories":[79],"tags":[],"class_list":["post-38018","post","type-post","status-publish","format-standard","hentry","category-talk-runde"],"_links":{"self":[{"href":"https:\/\/alien.de\/news\/wp-json\/wp\/v2\/posts\/38018","targetHints":{"allow":["GET"]}}],"collection":[{"href":"https:\/\/alien.de\/news\/wp-json\/wp\/v2\/posts"}],"about":[{"href":"https:\/\/alien.de\/news\/wp-json\/wp\/v2\/types\/post"}],"author":[{"embeddable":true,"href":"https:\/\/alien.de\/news\/wp-json\/wp\/v2\/users\/1"}],"replies":[{"embeddable":true,"href":"https:\/\/alien.de\/news\/wp-json\/wp\/v2\/comments?post=38018"}],"version-history":[{"count":1,"href":"https:\/\/alien.de\/news\/wp-json\/wp\/v2\/posts\/38018\/revisions"}],"predecessor-version":[{"id":38019,"href":"https:\/\/alien.de\/news\/wp-json\/wp\/v2\/posts\/38018\/revisions\/38019"}],"wp:attachment":[{"href":"https:\/\/alien.de\/news\/wp-json\/wp\/v2\/media?parent=38018"}],"wp:term":[{"taxonomy":"category","embeddable":true,"href":"https:\/\/alien.de\/news\/wp-json\/wp\/v2\/categories?post=38018"},{"taxonomy":"post_tag","embeddable":true,"href":"https:\/\/alien.de\/news\/wp-json\/wp\/v2\/tags?post=38018"}],"curies":[{"name":"wp","href":"https:\/\/api.w.org\/{rel}","templated":true}]}}